{"id":6357,"date":"2024-04-01T19:22:03","date_gmt":"2024-04-01T17:22:03","guid":{"rendered":"https:\/\/www.hetkasteelke.com\/introduction-a-un-nouveau-depart-avec-t-kasteelke-2\/"},"modified":"2025-02-25T19:38:04","modified_gmt":"2025-02-25T18:38:04","slug":"introduction","status":"publish","type":"post","link":"https:\/\/www.hetkasteelke.com\/fr\/introduction\/","title":{"rendered":"Introduction \u00e0 un nouveau d\u00e9part avec \u2019t Kasteelke"},"content":{"rendered":"<p>\u2019t Kasteelke appartient \u00e0 la Stichting Nieuwland depuis le 19 avril 1984. Ensuite, une restauration compl\u00e8te a \u00e9t\u00e9 entreprise et une r\u00e9ouverture festive a eu lieu en 1986. \u00c0 cette \u00e9poque, la question de la fermeture de \u2019t Kasteelke a \u00e9t\u00e9 soulev\u00e9e, mais les Meerlonaren s'identifient \u00e0 \u2019t Kasteelke. En 2009, \u2019t Kasteelke a \u00e9t\u00e9 rachet\u00e9 par le pr\u00e9sident de la Fondation Nieuwland, J.L.M. van Susante. Malheureusement, depuis des d\u00e9cennies, \u2019t Kasteelke n'est plus occup\u00e9 de mani\u00e8re permanente. Bien s\u00fbr, \u2019t Kasteelke a \u00e9t\u00e9 entretenu \u00e0 l'int\u00e9rieur et \u00e0 l'ext\u00e9rieur par van Susante. Quelques b\u00e2timents comme le Bakhuis et le b\u00e2timent de portail (Poortgebouw) \u00e9taient lou\u00e9s comme r\u00e9sidences de vacances pendant quelques jours pendant la p\u00e9riode estivale. La maison d'habitation, \u00e9galement appel\u00e9e (hoeve) a \u00e9t\u00e9 et est encore parfois lou\u00e9e. Cependant, nous pensons qu'il est possible d'aller plus loin, dans l'espoir que davantage de personnes puissent profiter de \u2019t Kasteelke !<\/p>\n<p><strong style=\"text-align: justify;\">Et quels sont nos objectifs? <\/strong><br style=\"text-align: justify;\">Beaucoup de choses, bien s\u00fbr! Jetez un coup d'\u0153il \u00e0 la magnifique photo de cet article de blog. Il y a de jolis volets verts dans l'ouverture de la porte, mais nous pensons que \u2019t Kasteelke devrait avoir une vraie porte de ch\u00e2teau. donc un portail qui atteint le sommet. C'est pourquoi l'ensemble du portail doit \u00eatre r\u00e9nov\u00e9, nettoy\u00e9, repl\u00e2tr\u00e9, peint et les lampes r\u00e9par\u00e9es. Peut-\u00eatre un joli rosier ?<\/p>\n<p>\t\t\t\t\t\t\t\t\t\t\t\t\t<img fetchpriority=\"high\" decoding=\"async\" width=\"1024\" height=\"680\" src=\"https:\/\/www.hetkasteelke.com\/wp-content\/uploads\/2023\/10\/poortgebouw_onder2-1024x680.jpg\" alt=\"poortgebouw_onder2\" srcset=\"https:\/\/www.hetkasteelke.com\/wp-content\/uploads\/2023\/10\/poortgebouw_onder2-1024x680.jpg 1024w, https:\/\/www.hetkasteelke.com\/wp-content\/uploads\/2023\/10\/poortgebouw_onder2-300x199.jpg 300w, https:\/\/www.hetkasteelke.com\/wp-content\/uploads\/2023\/10\/poortgebouw_onder2-768x510.jpg 768w, https:\/\/www.hetkasteelke.com\/wp-content\/uploads\/2023\/10\/poortgebouw_onder2-1536x1021.jpg 1536w, https:\/\/www.hetkasteelke.com\/wp-content\/uploads\/2023\/10\/poortgebouw_onder2-2048x1361.jpg 2048w\" sizes=\"(max-width: 1024px) 100vw, 1024px\" title=\"\">\t\t\t\t\t\t\t\t\t\t\t\t\t<\/p>\n<h5><strong>Les premiers projets<\/strong><\/h5>\n<p>En premier lieu, nous voulons nous occuper du Bakhuis, suivi du b\u00e2timent de portail (Poortgebouw). Sur le plan, vous pouvez voir o\u00f9 se trouvent ces b\u00e2timents sur le terrain. De nouvelles salles de bains et cuisines sont essentielles, mais en utilisant autant que possible des mat\u00e9riaux de construction anciens, C'est pourquoi nous voulons que \u2019t Kasteelke conserve son aspect authentique. Il pourrait aussi y avoir un peu plus de couleur et de chaleur dans les logements, pour en faire un s\u00e9jour agr\u00e9able et chaleureux pendant l'hiver. Comment ces maisons de vacances se pr\u00e9sentent actuellement et quelles sont nos id\u00e9es, vous pouvez les lire dans notre prochain article de blog.<\/p>\n<p>\t\t\t\t\t\t\t\t\t\t\t\t\t<img decoding=\"async\" width=\"1024\" height=\"815\" src=\"https:\/\/www.hetkasteelke.com\/wp-content\/uploads\/2023\/10\/PLATTEGROND-KASTEEL-GETEKEND-CREME-1-1024x815.png\" alt=\"plattegrond kasteelke schets\" srcset=\"https:\/\/www.hetkasteelke.com\/wp-content\/uploads\/2023\/10\/PLATTEGROND-KASTEEL-GETEKEND-CREME-1-1024x815.png 1024w, https:\/\/www.hetkasteelke.com\/wp-content\/uploads\/2023\/10\/PLATTEGROND-KASTEEL-GETEKEND-CREME-1-300x239.png 300w, https:\/\/www.hetkasteelke.com\/wp-content\/uploads\/2023\/10\/PLATTEGROND-KASTEEL-GETEKEND-CREME-1-768x611.png 768w, https:\/\/www.hetkasteelke.com\/wp-content\/uploads\/2023\/10\/PLATTEGROND-KASTEEL-GETEKEND-CREME-1-1536x1222.png 1536w, https:\/\/www.hetkasteelke.com\/wp-content\/uploads\/2023\/10\/PLATTEGROND-KASTEEL-GETEKEND-CREME-1-2048x1629.png 2048w\" sizes=\"(max-width: 1024px) 100vw, 1024px\" title=\"\"><\/p>\n","protected":false},"excerpt":{"rendered":"<p>\u2019t Kasteelke appartient \u00e0 la Stichting Nieuwland depuis le 19 avril 1984. Ensuite, une restauration compl\u00e8te a \u00e9t\u00e9 entreprise et une r\u00e9ouverture festive a eu lieu en 1986. \u00c0 cette \u00e9poque, la question de la fermeture de \u2019t Kasteelke a \u00e9t\u00e9 soulev\u00e9e, mais les Meerlonaren s'identifient \u00e0 \u2019t Kasteelke. En 2009, \u2019t Kasteelke a \u00e9t\u00e9 [&hellip;]<\/p>\n","protected":false},"author":1,"featured_media":3352,"comment_status":"open","ping_status":"open","sticky":false,"template":"","format":"standard","meta":{"footnotes":""},"categories":[47],"tags":[],"class_list":["post-6357","post","type-post","status-publish","format-standard","has-post-thumbnail","hentry","category-actualites"],"blocksy_meta":[],"_links":{"self":[{"href":"https:\/\/www.hetkasteelke.com\/fr\/wp-json\/wp\/v2\/posts\/6357","targetHints":{"allow":["GET"]}}],"collection":[{"href":"https:\/\/www.hetkasteelke.com\/fr\/wp-json\/wp\/v2\/posts"}],"about":[{"href":"https:\/\/www.hetkasteelke.com\/fr\/wp-json\/wp\/v2\/types\/post"}],"author":[{"embeddable":true,"href":"https:\/\/www.hetkasteelke.com\/fr\/wp-json\/wp\/v2\/users\/1"}],"replies":[{"embeddable":true,"href":"https:\/\/www.hetkasteelke.com\/fr\/wp-json\/wp\/v2\/comments?post=6357"}],"version-history":[{"count":4,"href":"https:\/\/www.hetkasteelke.com\/fr\/wp-json\/wp\/v2\/posts\/6357\/revisions"}],"predecessor-version":[{"id":6374,"href":"https:\/\/www.hetkasteelke.com\/fr\/wp-json\/wp\/v2\/posts\/6357\/revisions\/6374"}],"wp:featuredmedia":[{"embeddable":true,"href":"https:\/\/www.hetkasteelke.com\/fr\/wp-json\/wp\/v2\/media\/3352"}],"wp:attachment":[{"href":"https:\/\/www.hetkasteelke.com\/fr\/wp-json\/wp\/v2\/media?parent=6357"}],"wp:term":[{"taxonomy":"category","embeddable":true,"href":"https:\/\/www.hetkasteelke.com\/fr\/wp-json\/wp\/v2\/categories?post=6357"},{"taxonomy":"post_tag","embeddable":true,"href":"https:\/\/www.hetkasteelke.com\/fr\/wp-json\/wp\/v2\/tags?post=6357"}],"curies":[{"name":"wp","href":"https:\/\/api.w.org\/{rel}","templated":true}]}}